{"id":6198,"date":"2024-12-26T10:19:04","date_gmt":"2024-12-26T10:19:04","guid":{"rendered":"https:\/\/marbellup.es\/alhaurin-el-grandes-employment-and-training-program-stands-out-at-business-innovation-marbella-2024\/"},"modified":"2024-12-26T10:19:47","modified_gmt":"2024-12-26T10:19:47","slug":"alhaurin-el-grandes-employment-and-training-program-stands-out-at-business-innovation-marbella-2024","status":"publish","type":"post","link":"http:\/\/marbellup.es\/en\/alhaurin-el-grandes-employment-and-training-program-stands-out-at-business-innovation-marbella-2024\/","title":{"rendered":"Alhaur\u00edn el Grande&#8217;s Employment and Training program stands out at Business Innovation Marbella 2024"},"content":{"rendered":"\t\t<div data-elementor-type=\"wp-post\" data-elementor-id=\"6198\" class=\"elementor elementor-6198 elementor-6189\" data-elementor-post-type=\"post\">\n\t\t\t\t<div class=\"elementor-element elementor-element-475bec3 e-flex e-con-boxed e-con e-parent\" data-id=\"475bec3\" data-element_type=\"container\" data-e-type=\"container\">\n\t\t\t\t\t<div class=\"e-con-inner\">\n\t\t\t\t<div class=\"elementor-element elementor-element-92f84a4 elementor-widget elementor-widget-text-editor\" data-id=\"92f84a4\" data-element_type=\"widget\" data-e-type=\"widget\" data-widget_type=\"text-editor.default\">\n\t\t\t\t<div class=\"elementor-widget-container\">\n\t\t\t\t\t\t\t\t\t<p>Marbella, Spain &#8211; The <strong>Business Innovation Marbella 2024<\/strong> (BIM2024) enthusiastically received a visit from the <strong>Employment and Training<\/strong> program <strong>of the Local Development Area<\/strong> of the <strong>Alhaur\u00edn el Grande Town Hall<\/strong>, led by web trainer <strong>Jos\u00e9-Lorenzo S\u00e1nchez-Garnica<\/strong>. A group of 15 students, mostly women, actively participated in the two-day event, attending workshops, presentations and demonstrating a strong commitment to innovation and learning. <\/p>\n<h3><strong>Entrepreneurship and Innovation at the Project Corner<\/strong><\/h3>\n<p>Among their achievements, two students from the program had the opportunity to present their innovative entrepreneurship projects on the stage of the <strong>Project Corner<\/strong>, a space dedicated to the visibility of disruptive ideas. Their presentations, full of creativity and vision of the future, captured the attention of the attendees and reflected the emerging talent of the region. <\/p>\n<blockquote>\n<p>&#8220;The participation of the Alhaur\u00edn el Grande group and especially of these young entrepreneurs in the <strong>Project Corner<\/strong> demonstrates that innovation has no borders or geographical limits. Their involvement is proof of the impact we want to achieve with BIM2024: to inspire, empower and connect all corners of our region,&#8221; said the organizers. <\/p>\n<\/blockquote>\n<h3><strong>Commitment to Training and Inclusion<\/strong><\/h3>\n<p>During the event, students participated in <strong>practical workshops<\/strong> and <strong>inspiring presentations<\/strong>, showing their interest in new technologies and their application in the workplace. The majority representation of women in the group also reinforces BIM2024&#8217;s commitment to <strong>inclusion<\/strong> and the increasingly relevant role of women in the technology and innovation sectors. <\/p>\n<h3><strong>About BIM2024<\/strong><\/h3>\n<p><strong>Business Innovation Marbella 2024<\/strong> is an event dedicated to <strong>promoting innovation<\/strong>, <strong>training<\/strong> and <strong>entrepreneurship<\/strong> on the Costa del Sol. With an inclusive and regional vision, BIM2024 is positioned as a benchmark for <strong>technological<\/strong> and <strong>business<\/strong> <strong>development<\/strong> in Andalusia, open to all talents in the region. <\/p>\n\t\t\t\t\t\t\t\t<\/div>\n\t\t\t\t<\/div>\n\t\t\t\t\t<\/div>\n\t\t\t\t<\/div>\n\t\t\t\t<\/div>\n\t\t","protected":false},"excerpt":{"rendered":"<p>Marbella, Spain &#8211; The Business Innovation Marbella 2024 (BIM2024) enthusiastically received a visit from the Employment and Training program of the Local Development Area of the Alhaur\u00edn el Grande Town Hall, led by web trainer Jos\u00e9-Lorenzo S\u00e1nchez-Garnica. A group of 15 students, mostly women, actively participated in the two-day event, attending workshops, presentations and demonstrating [&hellip;]<\/p>\n","protected":false},"author":2,"featured_media":4735,"comment_status":"open","ping_status":"open","sticky":false,"template":"","format":"standard","meta":{"inline_featured_image":false,"footnotes":""},"categories":[23,24],"tags":[],"class_list":["post-6198","post","type-post","status-publish","format-standard","has-post-thumbnail","hentry","category-bim-en","category-press-releases"],"yoast_head":"<!-- This site is optimized with the Yoast SEO plugin v26.9 - https:\/\/yoast.com\/product\/yoast-seo-wordpress\/ -->\n<title>Alhaur\u00edn el Grande&#039;s Employment and Training program stands out at Business Innovation Marbella 2024 - MARBELLUP<\/title>\n<meta name=\"description\" content=\"BIM2024 was visited by students, mostly women, who presented innovative projects and participated in workshops.\" \/>\n<meta name=\"robots\" content=\"index, follow, max-snippet:-1, max-image-preview:large, max-video-preview:-1\" \/>\n<link rel=\"canonical\" href=\"http:\/\/marbellup.es\/en\/alhaurin-el-grandes-employment-and-training-program-stands-out-at-business-innovation-marbella-2024\/\" \/>\n<meta property=\"og:locale\" content=\"en_US\" \/>\n<meta property=\"og:type\" content=\"article\" \/>\n<meta property=\"og:title\" content=\"Alhaur\u00edn el Grande&#039;s Employment and Training program stands out at Business Innovation Marbella 2024 - MARBELLUP\" \/>\n<meta property=\"og:description\" content=\"BIM2024 was visited by students, mostly women, who presented innovative projects and participated in workshops.\" \/>\n<meta property=\"og:url\" content=\"http:\/\/marbellup.es\/en\/alhaurin-el-grandes-employment-and-training-program-stands-out-at-business-innovation-marbella-2024\/\" \/>\n<meta property=\"og:site_name\" content=\"MARBELLUP\" \/>\n<meta property=\"article:publisher\" content=\"https:\/\/www.facebook.com\/profile.php?id=61565431061005\" \/>\n<meta property=\"article:published_time\" content=\"2024-12-26T10:19:04+00:00\" \/>\n<meta property=\"article:modified_time\" content=\"2024-12-26T10:19:47+00:00\" \/>\n<meta property=\"og:image\" content=\"https:\/\/marbellup.es\/wp-content\/uploads\/2024\/12\/TALLERES-BUSINESS-INNOVATION-MARBELLA-2024-2-1-scaled.jpg\" \/>\n\t<meta property=\"og:image:width\" content=\"2560\" \/>\n\t<meta property=\"og:image:height\" content=\"1707\" \/>\n\t<meta property=\"og:image:type\" content=\"image\/jpeg\" \/>\n<meta name=\"twitter:card\" content=\"summary_large_image\" \/>\n<meta name=\"twitter:creator\" content=\"@marbellup\" \/>\n<meta name=\"twitter:site\" content=\"@marbellup\" \/>\n<meta name=\"twitter:label1\" content=\"Written by\" \/>\n\t<meta name=\"twitter:data1\" content=\"\" \/>\n\t<meta name=\"twitter:label2\" content=\"Est. reading time\" \/>\n\t<meta name=\"twitter:data2\" content=\"1 minute\" \/>\n<script type=\"application\/ld+json\" class=\"yoast-schema-graph\">{\"@context\":\"https:\/\/schema.org\",\"@graph\":[{\"@type\":\"Article\",\"@id\":\"http:\/\/marbellup.es\/en\/alhaurin-el-grandes-employment-and-training-program-stands-out-at-business-innovation-marbella-2024\/#article\",\"isPartOf\":{\"@id\":\"http:\/\/marbellup.es\/en\/alhaurin-el-grandes-employment-and-training-program-stands-out-at-business-innovation-marbella-2024\/\"},\"author\":{\"name\":\"\",\"@id\":\"\"},\"headline\":\"Alhaur\u00edn el Grande&#8217;s Employment and Training program stands out at Business Innovation Marbella 2024\",\"datePublished\":\"2024-12-26T10:19:04+00:00\",\"dateModified\":\"2024-12-26T10:19:47+00:00\",\"mainEntityOfPage\":{\"@id\":\"http:\/\/marbellup.es\/en\/alhaurin-el-grandes-employment-and-training-program-stands-out-at-business-innovation-marbella-2024\/\"},\"wordCount\":298,\"commentCount\":0,\"publisher\":{\"@id\":\"http:\/\/marbellup.es\/en\/#organization\"},\"image\":{\"@id\":\"http:\/\/marbellup.es\/en\/alhaurin-el-grandes-employment-and-training-program-stands-out-at-business-innovation-marbella-2024\/#primaryimage\"},\"thumbnailUrl\":\"http:\/\/marbellup.es\/wp-content\/uploads\/2024\/12\/TALLERES-BUSINESS-INNOVATION-MARBELLA-2024-2-1-scaled.jpg\",\"articleSection\":[\"BIM\",\"PRESS RELEASES\"],\"inLanguage\":\"en-US\",\"potentialAction\":[{\"@type\":\"CommentAction\",\"name\":\"Comment\",\"target\":[\"http:\/\/marbellup.es\/en\/alhaurin-el-grandes-employment-and-training-program-stands-out-at-business-innovation-marbella-2024\/#respond\"]}]},{\"@type\":\"WebPage\",\"@id\":\"http:\/\/marbellup.es\/en\/alhaurin-el-grandes-employment-and-training-program-stands-out-at-business-innovation-marbella-2024\/\",\"url\":\"http:\/\/marbellup.es\/en\/alhaurin-el-grandes-employment-and-training-program-stands-out-at-business-innovation-marbella-2024\/\",\"name\":\"Alhaur\u00edn el Grande's Employment and Training program stands out at Business Innovation Marbella 2024 - MARBELLUP\",\"isPartOf\":{\"@id\":\"http:\/\/marbellup.es\/en\/#website\"},\"primaryImageOfPage\":{\"@id\":\"http:\/\/marbellup.es\/en\/alhaurin-el-grandes-employment-and-training-program-stands-out-at-business-innovation-marbella-2024\/#primaryimage\"},\"image\":{\"@id\":\"http:\/\/marbellup.es\/en\/alhaurin-el-grandes-employment-and-training-program-stands-out-at-business-innovation-marbella-2024\/#primaryimage\"},\"thumbnailUrl\":\"http:\/\/marbellup.es\/wp-content\/uploads\/2024\/12\/TALLERES-BUSINESS-INNOVATION-MARBELLA-2024-2-1-scaled.jpg\",\"datePublished\":\"2024-12-26T10:19:04+00:00\",\"dateModified\":\"2024-12-26T10:19:47+00:00\",\"description\":\"BIM2024 was visited by students, mostly women, who presented innovative projects and participated in workshops.\",\"breadcrumb\":{\"@id\":\"http:\/\/marbellup.es\/en\/alhaurin-el-grandes-employment-and-training-program-stands-out-at-business-innovation-marbella-2024\/#breadcrumb\"},\"inLanguage\":\"en-US\",\"potentialAction\":[{\"@type\":\"ReadAction\",\"target\":[\"http:\/\/marbellup.es\/en\/alhaurin-el-grandes-employment-and-training-program-stands-out-at-business-innovation-marbella-2024\/\"]}]},{\"@type\":\"ImageObject\",\"inLanguage\":\"en-US\",\"@id\":\"http:\/\/marbellup.es\/en\/alhaurin-el-grandes-employment-and-training-program-stands-out-at-business-innovation-marbella-2024\/#primaryimage\",\"url\":\"http:\/\/marbellup.es\/wp-content\/uploads\/2024\/12\/TALLERES-BUSINESS-INNOVATION-MARBELLA-2024-2-1-scaled.jpg\",\"contentUrl\":\"http:\/\/marbellup.es\/wp-content\/uploads\/2024\/12\/TALLERES-BUSINESS-INNOVATION-MARBELLA-2024-2-1-scaled.jpg\",\"width\":2560,\"height\":1707},{\"@type\":\"BreadcrumbList\",\"@id\":\"http:\/\/marbellup.es\/en\/alhaurin-el-grandes-employment-and-training-program-stands-out-at-business-innovation-marbella-2024\/#breadcrumb\",\"itemListElement\":[{\"@type\":\"ListItem\",\"position\":1,\"name\":\"Portada\",\"item\":\"http:\/\/marbellup.es\/en\/\"},{\"@type\":\"ListItem\",\"position\":2,\"name\":\"Alhaur\u00edn el Grande&#8217;s Employment and Training program stands out at Business Innovation Marbella 2024\"}]},{\"@type\":\"WebSite\",\"@id\":\"http:\/\/marbellup.es\/en\/#website\",\"url\":\"http:\/\/marbellup.es\/en\/\",\"name\":\"Marbellup - Ayuntamiento de Marbella Fomento Econ\u00f3mico\",\"description\":\"Ayuntamiento de Marbella Fomento Econ\u00f3mico\",\"publisher\":{\"@id\":\"http:\/\/marbellup.es\/en\/#organization\"},\"alternateName\":\"Marbellup\",\"potentialAction\":[{\"@type\":\"SearchAction\",\"target\":{\"@type\":\"EntryPoint\",\"urlTemplate\":\"http:\/\/marbellup.es\/en\/?s={search_term_string}\"},\"query-input\":{\"@type\":\"PropertyValueSpecification\",\"valueRequired\":true,\"valueName\":\"search_term_string\"}}],\"inLanguage\":\"en-US\"},{\"@type\":\"Organization\",\"@id\":\"http:\/\/marbellup.es\/en\/#organization\",\"name\":\"Marbellup - Ayuntamiento de Marbella Fomento Econ\u00f3mico\",\"alternateName\":\"Marbellup\",\"url\":\"http:\/\/marbellup.es\/en\/\",\"logo\":{\"@type\":\"ImageObject\",\"inLanguage\":\"en-US\",\"@id\":\"http:\/\/marbellup.es\/en\/#\/schema\/logo\/image\/\",\"url\":\"http:\/\/marbellup.es\/wp-content\/uploads\/2024\/09\/Marbellup-Logo-Bright-Ayuntamiento-de-Marbella-Delegacion-de-Fomento-Economico.svg\",\"contentUrl\":\"http:\/\/marbellup.es\/wp-content\/uploads\/2024\/09\/Marbellup-Logo-Bright-Ayuntamiento-de-Marbella-Delegacion-de-Fomento-Economico.svg\",\"caption\":\"Marbellup - Ayuntamiento de Marbella Fomento Econ\u00f3mico\"},\"image\":{\"@id\":\"http:\/\/marbellup.es\/en\/#\/schema\/logo\/image\/\"},\"sameAs\":[\"https:\/\/www.facebook.com\/profile.php?id=61565431061005\",\"https:\/\/x.com\/marbellup\",\"https:\/\/instagram.com\/marbellup_\",\"https:\/\/www.youtube.com\/@marbellup\",\"https:\/\/www.tiktok.com\/@marbellup\"]},{\"@type\":\"Person\",\"@id\":\"\",\"url\":\"http:\/\/marbellup.es\/en\/author\/\"}]}<\/script>\n<!-- \/ Yoast SEO plugin. -->","yoast_head_json":{"title":"Alhaur\u00edn el Grande's Employment and Training program stands out at Business Innovation Marbella 2024 - MARBELLUP","description":"BIM2024 was visited by students, mostly women, who presented innovative projects and participated in workshops.","robots":{"index":"index","follow":"follow","max-snippet":"max-snippet:-1","max-image-preview":"max-image-preview:large","max-video-preview":"max-video-preview:-1"},"canonical":"http:\/\/marbellup.es\/en\/alhaurin-el-grandes-employment-and-training-program-stands-out-at-business-innovation-marbella-2024\/","og_locale":"en_US","og_type":"article","og_title":"Alhaur\u00edn el Grande's Employment and Training program stands out at Business Innovation Marbella 2024 - MARBELLUP","og_description":"BIM2024 was visited by students, mostly women, who presented innovative projects and participated in workshops.","og_url":"http:\/\/marbellup.es\/en\/alhaurin-el-grandes-employment-and-training-program-stands-out-at-business-innovation-marbella-2024\/","og_site_name":"MARBELLUP","article_publisher":"https:\/\/www.facebook.com\/profile.php?id=61565431061005","article_published_time":"2024-12-26T10:19:04+00:00","article_modified_time":"2024-12-26T10:19:47+00:00","og_image":[{"width":2560,"height":1707,"url":"https:\/\/marbellup.es\/wp-content\/uploads\/2024\/12\/TALLERES-BUSINESS-INNOVATION-MARBELLA-2024-2-1-scaled.jpg","type":"image\/jpeg"}],"twitter_card":"summary_large_image","twitter_creator":"@marbellup","twitter_site":"@marbellup","twitter_misc":{"Written by":"","Est. reading time":"1 minute"},"schema":{"@context":"https:\/\/schema.org","@graph":[{"@type":"Article","@id":"http:\/\/marbellup.es\/en\/alhaurin-el-grandes-employment-and-training-program-stands-out-at-business-innovation-marbella-2024\/#article","isPartOf":{"@id":"http:\/\/marbellup.es\/en\/alhaurin-el-grandes-employment-and-training-program-stands-out-at-business-innovation-marbella-2024\/"},"author":{"name":"","@id":""},"headline":"Alhaur\u00edn el Grande&#8217;s Employment and Training program stands out at Business Innovation Marbella 2024","datePublished":"2024-12-26T10:19:04+00:00","dateModified":"2024-12-26T10:19:47+00:00","mainEntityOfPage":{"@id":"http:\/\/marbellup.es\/en\/alhaurin-el-grandes-employment-and-training-program-stands-out-at-business-innovation-marbella-2024\/"},"wordCount":298,"commentCount":0,"publisher":{"@id":"http:\/\/marbellup.es\/en\/#organization"},"image":{"@id":"http:\/\/marbellup.es\/en\/alhaurin-el-grandes-employment-and-training-program-stands-out-at-business-innovation-marbella-2024\/#primaryimage"},"thumbnailUrl":"http:\/\/marbellup.es\/wp-content\/uploads\/2024\/12\/TALLERES-BUSINESS-INNOVATION-MARBELLA-2024-2-1-scaled.jpg","articleSection":["BIM","PRESS RELEASES"],"inLanguage":"en-US","potentialAction":[{"@type":"CommentAction","name":"Comment","target":["http:\/\/marbellup.es\/en\/alhaurin-el-grandes-employment-and-training-program-stands-out-at-business-innovation-marbella-2024\/#respond"]}]},{"@type":"WebPage","@id":"http:\/\/marbellup.es\/en\/alhaurin-el-grandes-employment-and-training-program-stands-out-at-business-innovation-marbella-2024\/","url":"http:\/\/marbellup.es\/en\/alhaurin-el-grandes-employment-and-training-program-stands-out-at-business-innovation-marbella-2024\/","name":"Alhaur\u00edn el Grande's Employment and Training program stands out at Business Innovation Marbella 2024 - MARBELLUP","isPartOf":{"@id":"http:\/\/marbellup.es\/en\/#website"},"primaryImageOfPage":{"@id":"http:\/\/marbellup.es\/en\/alhaurin-el-grandes-employment-and-training-program-stands-out-at-business-innovation-marbella-2024\/#primaryimage"},"image":{"@id":"http:\/\/marbellup.es\/en\/alhaurin-el-grandes-employment-and-training-program-stands-out-at-business-innovation-marbella-2024\/#primaryimage"},"thumbnailUrl":"http:\/\/marbellup.es\/wp-content\/uploads\/2024\/12\/TALLERES-BUSINESS-INNOVATION-MARBELLA-2024-2-1-scaled.jpg","datePublished":"2024-12-26T10:19:04+00:00","dateModified":"2024-12-26T10:19:47+00:00","description":"BIM2024 was visited by students, mostly women, who presented innovative projects and participated in workshops.","breadcrumb":{"@id":"http:\/\/marbellup.es\/en\/alhaurin-el-grandes-employment-and-training-program-stands-out-at-business-innovation-marbella-2024\/#breadcrumb"},"inLanguage":"en-US","potentialAction":[{"@type":"ReadAction","target":["http:\/\/marbellup.es\/en\/alhaurin-el-grandes-employment-and-training-program-stands-out-at-business-innovation-marbella-2024\/"]}]},{"@type":"ImageObject","inLanguage":"en-US","@id":"http:\/\/marbellup.es\/en\/alhaurin-el-grandes-employment-and-training-program-stands-out-at-business-innovation-marbella-2024\/#primaryimage","url":"http:\/\/marbellup.es\/wp-content\/uploads\/2024\/12\/TALLERES-BUSINESS-INNOVATION-MARBELLA-2024-2-1-scaled.jpg","contentUrl":"http:\/\/marbellup.es\/wp-content\/uploads\/2024\/12\/TALLERES-BUSINESS-INNOVATION-MARBELLA-2024-2-1-scaled.jpg","width":2560,"height":1707},{"@type":"BreadcrumbList","@id":"http:\/\/marbellup.es\/en\/alhaurin-el-grandes-employment-and-training-program-stands-out-at-business-innovation-marbella-2024\/#breadcrumb","itemListElement":[{"@type":"ListItem","position":1,"name":"Portada","item":"http:\/\/marbellup.es\/en\/"},{"@type":"ListItem","position":2,"name":"Alhaur\u00edn el Grande&#8217;s Employment and Training program stands out at Business Innovation Marbella 2024"}]},{"@type":"WebSite","@id":"http:\/\/marbellup.es\/en\/#website","url":"http:\/\/marbellup.es\/en\/","name":"Marbellup - Ayuntamiento de Marbella Fomento Econ\u00f3mico","description":"Ayuntamiento de Marbella Fomento Econ\u00f3mico","publisher":{"@id":"http:\/\/marbellup.es\/en\/#organization"},"alternateName":"Marbellup","potentialAction":[{"@type":"SearchAction","target":{"@type":"EntryPoint","urlTemplate":"http:\/\/marbellup.es\/en\/?s={search_term_string}"},"query-input":{"@type":"PropertyValueSpecification","valueRequired":true,"valueName":"search_term_string"}}],"inLanguage":"en-US"},{"@type":"Organization","@id":"http:\/\/marbellup.es\/en\/#organization","name":"Marbellup - Ayuntamiento de Marbella Fomento Econ\u00f3mico","alternateName":"Marbellup","url":"http:\/\/marbellup.es\/en\/","logo":{"@type":"ImageObject","inLanguage":"en-US","@id":"http:\/\/marbellup.es\/en\/#\/schema\/logo\/image\/","url":"http:\/\/marbellup.es\/wp-content\/uploads\/2024\/09\/Marbellup-Logo-Bright-Ayuntamiento-de-Marbella-Delegacion-de-Fomento-Economico.svg","contentUrl":"http:\/\/marbellup.es\/wp-content\/uploads\/2024\/09\/Marbellup-Logo-Bright-Ayuntamiento-de-Marbella-Delegacion-de-Fomento-Economico.svg","caption":"Marbellup - Ayuntamiento de Marbella Fomento Econ\u00f3mico"},"image":{"@id":"http:\/\/marbellup.es\/en\/#\/schema\/logo\/image\/"},"sameAs":["https:\/\/www.facebook.com\/profile.php?id=61565431061005","https:\/\/x.com\/marbellup","https:\/\/instagram.com\/marbellup_","https:\/\/www.youtube.com\/@marbellup","https:\/\/www.tiktok.com\/@marbellup"]},{"@type":"Person","@id":"","url":"http:\/\/marbellup.es\/en\/author\/"}]}},"_links":{"self":[{"href":"http:\/\/marbellup.es\/en\/wp-json\/wp\/v2\/posts\/6198","targetHints":{"allow":["GET"]}}],"collection":[{"href":"http:\/\/marbellup.es\/en\/wp-json\/wp\/v2\/posts"}],"about":[{"href":"http:\/\/marbellup.es\/en\/wp-json\/wp\/v2\/types\/post"}],"author":[{"embeddable":true,"href":"http:\/\/marbellup.es\/en\/wp-json\/wp\/v2\/users\/2"}],"replies":[{"embeddable":true,"href":"http:\/\/marbellup.es\/en\/wp-json\/wp\/v2\/comments?post=6198"}],"version-history":[{"count":2,"href":"http:\/\/marbellup.es\/en\/wp-json\/wp\/v2\/posts\/6198\/revisions"}],"predecessor-version":[{"id":6203,"href":"http:\/\/marbellup.es\/en\/wp-json\/wp\/v2\/posts\/6198\/revisions\/6203"}],"wp:featuredmedia":[{"embeddable":true,"href":"http:\/\/marbellup.es\/en\/wp-json\/wp\/v2\/media\/4735"}],"wp:attachment":[{"href":"http:\/\/marbellup.es\/en\/wp-json\/wp\/v2\/media?parent=6198"}],"wp:term":[{"taxonomy":"category","embeddable":true,"href":"http:\/\/marbellup.es\/en\/wp-json\/wp\/v2\/categories?post=6198"},{"taxonomy":"post_tag","embeddable":true,"href":"http:\/\/marbellup.es\/en\/wp-json\/wp\/v2\/tags?post=6198"}],"curies":[{"name":"wp","href":"https:\/\/api.w.org\/{rel}","templated":true}]}}